{"id":12277,"date":"2023-03-16T16:40:11","date_gmt":"2023-03-16T15:40:11","guid":{"rendered":"https:\/\/cycling.hutchinson.com\/?p=12277"},"modified":"2023-03-20T12:46:13","modified_gmt":"2023-03-20T11:46:13","slug":"isabeau-courdurier-se-prepare-pour-une-saison-2023-palpitante","status":"publish","type":"post","link":"https:\/\/cycling.hutchinson.com\/fr\/isabeau-courdurier-se-prepare-pour-une-saison-2023-palpitante\/","title":{"rendered":"Isabeau Courdurier : Pr\u00eate pour une saison 2023 de folie !"},"content":{"rendered":"<p>Alors que les Enduro World Series 2023 approchent, joignez-vous \u00e0 nous pour c\u00e9l\u00e9brer le parcours inspirant d&#8217;Isabeau Courdurier, une athl\u00e8te remarquable de VTT enduro et membre inestimable de la famille Hutchinson. Sa passion in\u00e9branlable et son d\u00e9vouement pour le sport l&#8217;ont pouss\u00e9e \u00e0 surmonter des d\u00e9fis incroyables, aboutissant \u00e0 une saison 2022 inoubliable.<\/p>\n","protected":false},"excerpt":{"rendered":"<p>Alors que les Enduro World Series 2023 approchent, joignez-vous \u00e0 nous pour c\u00e9l\u00e9brer le parcours inspirant d&#8217;Isabeau Courdurier, une athl\u00e8te remarquable de VTT enduro et membre inestimable de la famille Hutchinson. Sa passion in\u00e9branlable et son d\u00e9vouement pour le sport l&#8217;ont pouss\u00e9e \u00e0 surmonter des d\u00e9fis incroyables, aboutissant \u00e0 une saison 2022 inoubliable.<\/p>\n","protected":false},"author":5,"featured_media":12294,"comment_status":"open","ping_status":"open","sticky":false,"template":"","format":"standard","meta":{"inline_featured_image":false,"footnotes":""},"categories":[354],"tags":[],"class_list":["post-12277","post","type-post","status-publish","format-standard","has-post-thumbnail","hentry","category-athletes-fr-2"],"yoast_head":"<!-- This site is optimized with the Yoast SEO plugin v26.1.1 - https:\/\/yoast.com\/wordpress\/plugins\/seo\/ -->\n<title>Isabeau Courdurier : Pr\u00eate pour une saison 2023 de folie ! - Hutchinson Cycling<\/title>\n<meta name=\"description\" content=\"D\u00e9couvrez le parcours d&#039;Isabeau Courdurier, athl\u00e8te enduro de haut niveau, alors que Hutchinson c\u00e9l\u00e8bre sa saison 2023, son retour et ses succ\u00e8s.\" \/>\n<meta name=\"robots\" content=\"index, follow, max-snippet:-1, max-image-preview:large, max-video-preview:-1\" \/>\n<link rel=\"canonical\" href=\"https:\/\/cycling.hutchinson.com\/fr\/isabeau-courdurier-gearing-up-for-a-thrilling-2023-season\/\" \/>\n<meta property=\"og:locale\" content=\"fr_FR\" \/>\n<meta property=\"og:type\" content=\"article\" \/>\n<meta property=\"og:title\" content=\"Isabeau Courdurier : Pr\u00eate pour une saison 2023 de folie ! - Hutchinson Cycling\" \/>\n<meta property=\"og:description\" content=\"D\u00e9couvrez le parcours d&#039;Isabeau Courdurier, athl\u00e8te enduro de haut niveau, alors que Hutchinson c\u00e9l\u00e8bre sa saison 2023, son retour et ses succ\u00e8s.\" \/>\n<meta property=\"og:url\" content=\"https:\/\/cycling.hutchinson.com\/isabeau-courdurier-gearing-up-for-a-thrilling-2023-season\/\" \/>\n<meta property=\"og:site_name\" content=\"Hutchinson Cycling\" \/>\n<meta property=\"article:published_time\" content=\"2023-03-16T15:40:11+00:00\" \/>\n<meta property=\"article:modified_time\" content=\"2023-03-20T11:46:13+00:00\" \/>\n<meta property=\"og:image\" content=\"https:\/\/cycling.hutchinson.com\/wp-content\/uploads\/2023\/03\/hutchinson-isabeau-courdurier-2023-1-4-scaled.jpg\" \/>\n\t<meta property=\"og:image:width\" content=\"2560\" \/>\n\t<meta property=\"og:image:height\" content=\"933\" \/>\n\t<meta property=\"og:image:type\" content=\"image\/jpeg\" \/>\n<meta name=\"author\" content=\"Sylvie Woroniecki\" \/>\n<meta name=\"twitter:card\" content=\"summary_large_image\" \/>\n<meta name=\"twitter:label1\" content=\"Written by\" \/>\n\t<meta name=\"twitter:data1\" content=\"Sylvie Woroniecki\" \/>\n<script type=\"application\/ld+json\" class=\"yoast-schema-graph\">{\"@context\":\"https:\/\/schema.org\",\"@graph\":[{\"@type\":\"WebPage\",\"@id\":\"https:\/\/cycling.hutchinson.com\/isabeau-courdurier-gearing-up-for-a-thrilling-2023-season\/\",\"url\":\"https:\/\/cycling.hutchinson.com\/isabeau-courdurier-gearing-up-for-a-thrilling-2023-season\/\",\"name\":\"Isabeau Courdurier : Pr\u00eate pour une saison 2023 de folie ! - Hutchinson Cycling\",\"isPartOf\":{\"@id\":\"https:\/\/cycling.hutchinson.com\/#website\"},\"primaryImageOfPage\":{\"@id\":\"https:\/\/cycling.hutchinson.com\/isabeau-courdurier-gearing-up-for-a-thrilling-2023-season\/#primaryimage\"},\"image\":{\"@id\":\"https:\/\/cycling.hutchinson.com\/isabeau-courdurier-gearing-up-for-a-thrilling-2023-season\/#primaryimage\"},\"thumbnailUrl\":\"https:\/\/cycling.hutchinson.com\/wp-content\/uploads\/2023\/03\/hutchinson-isabeau-courdurier-2023-1-4-scaled.jpg\",\"datePublished\":\"2023-03-16T15:40:11+00:00\",\"dateModified\":\"2023-03-20T11:46:13+00:00\",\"author\":{\"@id\":\"https:\/\/cycling.hutchinson.com\/#\/schema\/person\/9d04d3182f4dc15db2c33239108e388f\"},\"description\":\"D\u00e9couvrez le parcours d'Isabeau Courdurier, athl\u00e8te enduro de haut niveau, alors que Hutchinson c\u00e9l\u00e8bre sa saison 2023, son retour et ses succ\u00e8s.\",\"breadcrumb\":{\"@id\":\"https:\/\/cycling.hutchinson.com\/isabeau-courdurier-gearing-up-for-a-thrilling-2023-season\/#breadcrumb\"},\"inLanguage\":\"fr-FR\",\"potentialAction\":[{\"@type\":\"ReadAction\",\"target\":[\"https:\/\/cycling.hutchinson.com\/isabeau-courdurier-gearing-up-for-a-thrilling-2023-season\/\"]}]},{\"@type\":\"ImageObject\",\"inLanguage\":\"fr-FR\",\"@id\":\"https:\/\/cycling.hutchinson.com\/isabeau-courdurier-gearing-up-for-a-thrilling-2023-season\/#primaryimage\",\"url\":\"https:\/\/cycling.hutchinson.com\/wp-content\/uploads\/2023\/03\/hutchinson-isabeau-courdurier-2023-1-4-scaled.jpg\",\"contentUrl\":\"https:\/\/cycling.hutchinson.com\/wp-content\/uploads\/2023\/03\/hutchinson-isabeau-courdurier-2023-1-4-scaled.jpg\",\"width\":2560,\"height\":933,\"caption\":\"Isabeau Courdurier's Journey to the Top\"},{\"@type\":\"BreadcrumbList\",\"@id\":\"https:\/\/cycling.hutchinson.com\/isabeau-courdurier-gearing-up-for-a-thrilling-2023-season\/#breadcrumb\",\"itemListElement\":[{\"@type\":\"ListItem\",\"position\":1,\"name\":\"Home\",\"item\":\"https:\/\/cycling.hutchinson.com\/fr\/\"},{\"@type\":\"ListItem\",\"position\":2,\"name\":\"Athl\u00e8tes\",\"item\":\"https:\/\/cycling.hutchinson.com\/fr\/category\/athletes-fr-2\/\"},{\"@type\":\"ListItem\",\"position\":3,\"name\":\"Isabeau Courdurier : Pr\u00eate pour une saison 2023 de folie !\"}]},{\"@type\":\"WebSite\",\"@id\":\"https:\/\/cycling.hutchinson.com\/#website\",\"url\":\"https:\/\/cycling.hutchinson.com\/\",\"name\":\"Hutchinson Cycling\",\"description\":\"Ride Your Own Story - Hutchinson Cycling\",\"potentialAction\":[{\"@type\":\"SearchAction\",\"target\":{\"@type\":\"EntryPoint\",\"urlTemplate\":\"https:\/\/cycling.hutchinson.com\/?s={search_term_string}\"},\"query-input\":{\"@type\":\"PropertyValueSpecification\",\"valueRequired\":true,\"valueName\":\"search_term_string\"}}],\"inLanguage\":\"fr-FR\"},{\"@type\":\"Person\",\"@id\":\"https:\/\/cycling.hutchinson.com\/#\/schema\/person\/9d04d3182f4dc15db2c33239108e388f\",\"name\":\"Sylvie Woroniecki\",\"image\":{\"@type\":\"ImageObject\",\"inLanguage\":\"fr-FR\",\"@id\":\"https:\/\/cycling.hutchinson.com\/#\/schema\/person\/image\/\",\"url\":\"https:\/\/secure.gravatar.com\/avatar\/601922efb990d3d1e39479e40b8679fdcd350609998d1046c1432798cc9fdb45?s=96&d=mm&r=g\",\"contentUrl\":\"https:\/\/secure.gravatar.com\/avatar\/601922efb990d3d1e39479e40b8679fdcd350609998d1046c1432798cc9fdb45?s=96&d=mm&r=g\",\"caption\":\"Sylvie Woroniecki\"}}]}<\/script>\n<!-- \/ Yoast SEO plugin. -->","yoast_head_json":{"title":"Isabeau Courdurier : Pr\u00eate pour une saison 2023 de folie ! - Hutchinson Cycling","description":"D\u00e9couvrez le parcours d'Isabeau Courdurier, athl\u00e8te enduro de haut niveau, alors que Hutchinson c\u00e9l\u00e8bre sa saison 2023, son retour et ses succ\u00e8s.","robots":{"index":"index","follow":"follow","max-snippet":"max-snippet:-1","max-image-preview":"max-image-preview:large","max-video-preview":"max-video-preview:-1"},"canonical":"https:\/\/cycling.hutchinson.com\/fr\/isabeau-courdurier-gearing-up-for-a-thrilling-2023-season\/","og_locale":"fr_FR","og_type":"article","og_title":"Isabeau Courdurier : Pr\u00eate pour une saison 2023 de folie ! - Hutchinson Cycling","og_description":"D\u00e9couvrez le parcours d'Isabeau Courdurier, athl\u00e8te enduro de haut niveau, alors que Hutchinson c\u00e9l\u00e8bre sa saison 2023, son retour et ses succ\u00e8s.","og_url":"https:\/\/cycling.hutchinson.com\/isabeau-courdurier-gearing-up-for-a-thrilling-2023-season\/","og_site_name":"Hutchinson Cycling","article_published_time":"2023-03-16T15:40:11+00:00","article_modified_time":"2023-03-20T11:46:13+00:00","og_image":[{"width":2560,"height":933,"url":"https:\/\/cycling.hutchinson.com\/wp-content\/uploads\/2023\/03\/hutchinson-isabeau-courdurier-2023-1-4-scaled.jpg","type":"image\/jpeg"}],"author":"Sylvie Woroniecki","twitter_card":"summary_large_image","twitter_misc":{"Written by":"Sylvie Woroniecki"},"schema":{"@context":"https:\/\/schema.org","@graph":[{"@type":"WebPage","@id":"https:\/\/cycling.hutchinson.com\/isabeau-courdurier-gearing-up-for-a-thrilling-2023-season\/","url":"https:\/\/cycling.hutchinson.com\/isabeau-courdurier-gearing-up-for-a-thrilling-2023-season\/","name":"Isabeau Courdurier : Pr\u00eate pour une saison 2023 de folie ! - Hutchinson Cycling","isPartOf":{"@id":"https:\/\/cycling.hutchinson.com\/#website"},"primaryImageOfPage":{"@id":"https:\/\/cycling.hutchinson.com\/isabeau-courdurier-gearing-up-for-a-thrilling-2023-season\/#primaryimage"},"image":{"@id":"https:\/\/cycling.hutchinson.com\/isabeau-courdurier-gearing-up-for-a-thrilling-2023-season\/#primaryimage"},"thumbnailUrl":"https:\/\/cycling.hutchinson.com\/wp-content\/uploads\/2023\/03\/hutchinson-isabeau-courdurier-2023-1-4-scaled.jpg","datePublished":"2023-03-16T15:40:11+00:00","dateModified":"2023-03-20T11:46:13+00:00","author":{"@id":"https:\/\/cycling.hutchinson.com\/#\/schema\/person\/9d04d3182f4dc15db2c33239108e388f"},"description":"D\u00e9couvrez le parcours d'Isabeau Courdurier, athl\u00e8te enduro de haut niveau, alors que Hutchinson c\u00e9l\u00e8bre sa saison 2023, son retour et ses succ\u00e8s.","breadcrumb":{"@id":"https:\/\/cycling.hutchinson.com\/isabeau-courdurier-gearing-up-for-a-thrilling-2023-season\/#breadcrumb"},"inLanguage":"fr-FR","potentialAction":[{"@type":"ReadAction","target":["https:\/\/cycling.hutchinson.com\/isabeau-courdurier-gearing-up-for-a-thrilling-2023-season\/"]}]},{"@type":"ImageObject","inLanguage":"fr-FR","@id":"https:\/\/cycling.hutchinson.com\/isabeau-courdurier-gearing-up-for-a-thrilling-2023-season\/#primaryimage","url":"https:\/\/cycling.hutchinson.com\/wp-content\/uploads\/2023\/03\/hutchinson-isabeau-courdurier-2023-1-4-scaled.jpg","contentUrl":"https:\/\/cycling.hutchinson.com\/wp-content\/uploads\/2023\/03\/hutchinson-isabeau-courdurier-2023-1-4-scaled.jpg","width":2560,"height":933,"caption":"Isabeau Courdurier's Journey to the Top"},{"@type":"BreadcrumbList","@id":"https:\/\/cycling.hutchinson.com\/isabeau-courdurier-gearing-up-for-a-thrilling-2023-season\/#breadcrumb","itemListElement":[{"@type":"ListItem","position":1,"name":"Home","item":"https:\/\/cycling.hutchinson.com\/fr\/"},{"@type":"ListItem","position":2,"name":"Athl\u00e8tes","item":"https:\/\/cycling.hutchinson.com\/fr\/category\/athletes-fr-2\/"},{"@type":"ListItem","position":3,"name":"Isabeau Courdurier : Pr\u00eate pour une saison 2023 de folie !"}]},{"@type":"WebSite","@id":"https:\/\/cycling.hutchinson.com\/#website","url":"https:\/\/cycling.hutchinson.com\/","name":"Hutchinson Cycling","description":"Ride Your Own Story - Hutchinson Cycling","potentialAction":[{"@type":"SearchAction","target":{"@type":"EntryPoint","urlTemplate":"https:\/\/cycling.hutchinson.com\/?s={search_term_string}"},"query-input":{"@type":"PropertyValueSpecification","valueRequired":true,"valueName":"search_term_string"}}],"inLanguage":"fr-FR"},{"@type":"Person","@id":"https:\/\/cycling.hutchinson.com\/#\/schema\/person\/9d04d3182f4dc15db2c33239108e388f","name":"Sylvie Woroniecki","image":{"@type":"ImageObject","inLanguage":"fr-FR","@id":"https:\/\/cycling.hutchinson.com\/#\/schema\/person\/image\/","url":"https:\/\/secure.gravatar.com\/avatar\/601922efb990d3d1e39479e40b8679fdcd350609998d1046c1432798cc9fdb45?s=96&d=mm&r=g","contentUrl":"https:\/\/secure.gravatar.com\/avatar\/601922efb990d3d1e39479e40b8679fdcd350609998d1046c1432798cc9fdb45?s=96&d=mm&r=g","caption":"Sylvie Woroniecki"}}]}},"_links":{"self":[{"href":"https:\/\/cycling.hutchinson.com\/fr\/wp-json\/wp\/v2\/posts\/12277\/"}],"collection":[{"href":"https:\/\/cycling.hutchinson.com\/fr\/wp-json\/wp\/v2\/posts\/"}],"about":[{"href":"https:\/\/cycling.hutchinson.com\/fr\/wp-json\/wp\/v2\/types\/post\/"}],"author":[{"embeddable":true,"href":"https:\/\/cycling.hutchinson.com\/fr\/wp-json\/wp\/v2\/users\/5\/"}],"replies":[{"embeddable":true,"href":"https:\/\/cycling.hutchinson.com\/fr\/wp-json\/wp\/v2\/comments\/?post=12277"}],"version-history":[{"count":7,"href":"https:\/\/cycling.hutchinson.com\/fr\/wp-json\/wp\/v2\/posts\/12277\/revisions\/"}],"predecessor-version":[{"id":12322,"href":"https:\/\/cycling.hutchinson.com\/fr\/wp-json\/wp\/v2\/posts\/12277\/revisions\/12322\/"}],"wp:featuredmedia":[{"embeddable":true,"href":"https:\/\/cycling.hutchinson.com\/fr\/wp-json\/wp\/v2\/media\/12294\/"}],"wp:attachment":[{"href":"https:\/\/cycling.hutchinson.com\/fr\/wp-json\/wp\/v2\/media\/?parent=12277"}],"wp:term":[{"taxonomy":"category","embeddable":true,"href":"https:\/\/cycling.hutchinson.com\/fr\/wp-json\/wp\/v2\/categories\/?post=12277"},{"taxonomy":"post_tag","embeddable":true,"href":"https:\/\/cycling.hutchinson.com\/fr\/wp-json\/wp\/v2\/tags\/?post=12277"}],"curies":[{"name":"wp","href":"https:\/\/api.w.org\/{rel}","templated":true}]}}